{"id":369,"date":"2023-05-12T11:42:00","date_gmt":"2023-05-12T09:42:00","guid":{"rendered":"https:\/\/komunitne-centrum.sk\/?p=369"},"modified":"2023-07-04T14:23:58","modified_gmt":"2023-07-04T12:23:58","slug":"den-matiek","status":"publish","type":"post","link":"https:\/\/komunitne-centrum.sk\/index.php\/2023\/05\/12\/den-matiek\/","title":{"rendered":"De\u0148 Matiek"},"content":{"rendered":"\n<p class=\"has-text-align-left\">Ani  tento  rok  sme  nezabudli  na  v\u0161etky  mamy  a  star\u00e9  mamy.  Spolu s  de\u0165mi  sme ako dar\u010dek k ich sviatku pripravili  pr\u00edjemn\u00e9 popoludnie. S  de\u0165mi  sme nacvi\u010dili  program  a tie\u017e vyrobili mal\u00fa pozornos\u0165. O s\u00fa\u010dinnos\u0165 pri tom to  popoludn\u00ed sme po\u017eiadali aj Z\u0160 Dr. A. Stodolu, ktor\u00e1 sa so svojimi \u017eiakmi tie\u017e zapojila do programu. Deti hudobne sprev\u00e1dzali u\u010ditelia zo s\u00fakromnej  ZU\u0160 z Ru\u017eomberok.  V\u0161etci spolu sme pre\u017eili kr\u00e1sne popoludnie pln\u00e9 spevu, po\u00e9zie a \u00fasmevov m\u00e1m, star\u00fdch m\u00e1m a v neposlednom rade det\u00ed.<\/p>\n\n\n\n<figure class=\"wp-block-gallery columns-3 is-cropped wp-block-gallery-1 is-layout-flex wp-block-gallery-is-layout-flex\"><ul class=\"blocks-gallery-grid\"><li class=\"blocks-gallery-item\"><figure><img decoding=\"async\" width=\"1024\" height=\"766\" src=\"https:\/\/komunitne-centrum.sk\/wp-content\/uploads\/2023\/06\/IMG-20230512-WA0006-1024x766.jpg\" alt=\"\" data-id=\"373\" data-link=\"https:\/\/komunitne-centrum.sk\/?attachment_id=373\" class=\"wp-image-373\" srcset=\"https:\/\/komunitne-centrum.sk\/wp-content\/uploads\/2023\/06\/IMG-20230512-WA0006-1024x766.jpg 1024w, https:\/\/komunitne-centrum.sk\/wp-content\/uploads\/2023\/06\/IMG-20230512-WA0006-300x224.jpg 300w, https:\/\/komunitne-centrum.sk\/wp-content\/uploads\/2023\/06\/IMG-20230512-WA0006-768x574.jpg 768w, https:\/\/komunitne-centrum.sk\/wp-content\/uploads\/2023\/06\/IMG-20230512-WA0006-1536x1149.jpg 1536w, https:\/\/komunitne-centrum.sk\/wp-content\/uploads\/2023\/06\/IMG-20230512-WA0006.jpg 2000w\" sizes=\"(max-width: 1024px) 100vw, 1024px\" \/><\/figure><\/li><li class=\"blocks-gallery-item\"><figure><img decoding=\"async\" width=\"1024\" height=\"473\" src=\"https:\/\/komunitne-centrum.sk\/wp-content\/uploads\/2023\/06\/received_1866984610349770-1-1-1024x473.jpeg\" alt=\"\" data-id=\"372\" data-link=\"https:\/\/komunitne-centrum.sk\/?attachment_id=372\" class=\"wp-image-372\" srcset=\"https:\/\/komunitne-centrum.sk\/wp-content\/uploads\/2023\/06\/received_1866984610349770-1-1-1024x473.jpeg 1024w, https:\/\/komunitne-centrum.sk\/wp-content\/uploads\/2023\/06\/received_1866984610349770-1-1-300x139.jpeg 300w, https:\/\/komunitne-centrum.sk\/wp-content\/uploads\/2023\/06\/received_1866984610349770-1-1-768x355.jpeg 768w, https:\/\/komunitne-centrum.sk\/wp-content\/uploads\/2023\/06\/received_1866984610349770-1-1-1536x709.jpeg 1536w, https:\/\/komunitne-centrum.sk\/wp-content\/uploads\/2023\/06\/received_1866984610349770-1-1.jpeg 1992w\" sizes=\"(max-width: 1024px) 100vw, 1024px\" \/><\/figure><\/li><li class=\"blocks-gallery-item\"><figure><img decoding=\"async\" width=\"1024\" height=\"766\" src=\"https:\/\/komunitne-centrum.sk\/wp-content\/uploads\/2023\/06\/received_261227156268952-1024x766.jpeg\" alt=\"\" data-id=\"375\" data-link=\"https:\/\/komunitne-centrum.sk\/?attachment_id=375\" class=\"wp-image-375\" srcset=\"https:\/\/komunitne-centrum.sk\/wp-content\/uploads\/2023\/06\/received_261227156268952-1024x766.jpeg 1024w, https:\/\/komunitne-centrum.sk\/wp-content\/uploads\/2023\/06\/received_261227156268952-300x224.jpeg 300w, https:\/\/komunitne-centrum.sk\/wp-content\/uploads\/2023\/06\/received_261227156268952-768x574.jpeg 768w, https:\/\/komunitne-centrum.sk\/wp-content\/uploads\/2023\/06\/received_261227156268952-1536x1149.jpeg 1536w, https:\/\/komunitne-centrum.sk\/wp-content\/uploads\/2023\/06\/received_261227156268952.jpeg 2000w\" sizes=\"(max-width: 1024px) 100vw, 1024px\" \/><\/figure><\/li><li class=\"blocks-gallery-item\"><figure><img decoding=\"async\" width=\"1024\" height=\"473\" src=\"https:\/\/komunitne-centrum.sk\/wp-content\/uploads\/2023\/06\/received_208877485272239-1-1024x473.jpeg\" alt=\"\" data-id=\"376\" data-full-url=\"https:\/\/komunitne-centrum.sk\/wp-content\/uploads\/2023\/06\/received_208877485272239-1.jpeg\" data-link=\"https:\/\/komunitne-centrum.sk\/?attachment_id=376\" class=\"wp-image-376\" srcset=\"https:\/\/komunitne-centrum.sk\/wp-content\/uploads\/2023\/06\/received_208877485272239-1-1024x473.jpeg 1024w, https:\/\/komunitne-centrum.sk\/wp-content\/uploads\/2023\/06\/received_208877485272239-1-300x139.jpeg 300w, https:\/\/komunitne-centrum.sk\/wp-content\/uploads\/2023\/06\/received_208877485272239-1-768x355.jpeg 768w, https:\/\/komunitne-centrum.sk\/wp-content\/uploads\/2023\/06\/received_208877485272239-1-1536x709.jpeg 1536w, https:\/\/komunitne-centrum.sk\/wp-content\/uploads\/2023\/06\/received_208877485272239-1.jpeg 1992w\" sizes=\"(max-width: 1024px) 100vw, 1024px\" \/><\/figure><\/li><\/ul><\/figure>\n\n\n\n<p><\/p>\n","protected":false},"excerpt":{"rendered":"<p>Ani tento rok sme nezabudli na v\u0161etky mamy a star\u00e9 mamy. Spolu s de\u0165mi sme ako dar\u010dek k ich sviatku pripravili pr\u00edjemn\u00e9 popoludnie. S de\u0165mi sme nacvi\u010dili program a tie\u017e vyrobili mal\u00fa pozornos\u0165. O s\u00fa\u010dinnos\u0165 pri tom to popoludn\u00ed sme po\u017eiadali aj Z\u0160 Dr. A. Stodolu, ktor\u00e1 sa so svojimi [&hellip;]<\/p>\n","protected":false},"author":5,"featured_media":381,"comment_status":"closed","ping_status":"closed","sticky":false,"template":"","format":"standard","meta":{"footnotes":""},"categories":[1],"tags":[],"class_list":["post-369","post","type-post","status-publish","format-standard","has-post-thumbnail","hentry","category-uncategorized"],"_links":{"self":[{"href":"https:\/\/komunitne-centrum.sk\/index.php\/wp-json\/wp\/v2\/posts\/369","targetHints":{"allow":["GET"]}}],"collection":[{"href":"https:\/\/komunitne-centrum.sk\/index.php\/wp-json\/wp\/v2\/posts"}],"about":[{"href":"https:\/\/komunitne-centrum.sk\/index.php\/wp-json\/wp\/v2\/types\/post"}],"author":[{"embeddable":true,"href":"https:\/\/komunitne-centrum.sk\/index.php\/wp-json\/wp\/v2\/users\/5"}],"replies":[{"embeddable":true,"href":"https:\/\/komunitne-centrum.sk\/index.php\/wp-json\/wp\/v2\/comments?post=369"}],"version-history":[{"count":3,"href":"https:\/\/komunitne-centrum.sk\/index.php\/wp-json\/wp\/v2\/posts\/369\/revisions"}],"predecessor-version":[{"id":396,"href":"https:\/\/komunitne-centrum.sk\/index.php\/wp-json\/wp\/v2\/posts\/369\/revisions\/396"}],"wp:featuredmedia":[{"embeddable":true,"href":"https:\/\/komunitne-centrum.sk\/index.php\/wp-json\/wp\/v2\/media\/381"}],"wp:attachment":[{"href":"https:\/\/komunitne-centrum.sk\/index.php\/wp-json\/wp\/v2\/media?parent=369"}],"wp:term":[{"taxonomy":"category","embeddable":true,"href":"https:\/\/komunitne-centrum.sk\/index.php\/wp-json\/wp\/v2\/categories?post=369"},{"taxonomy":"post_tag","embeddable":true,"href":"https:\/\/komunitne-centrum.sk\/index.php\/wp-json\/wp\/v2\/tags?post=369"}],"curies":[{"name":"wp","href":"https:\/\/api.w.org\/{rel}","templated":true}]}}